{"id":3007,"date":"2025-02-06T11:49:11","date_gmt":"2025-02-06T11:49:11","guid":{"rendered":"https:\/\/www.atilimhukuk.com\/\/?p=3007"},"modified":"2025-02-12T10:29:29","modified_gmt":"2025-02-12T10:29:29","slug":"adli-tatil-bu-yil-ortadan-kalkabilir","status":"publish","type":"post","link":"https:\/\/www.atilimhukuk.com\/en\/adli-tatil-bu-yil-ortadan-kalkabilir\/","title":{"rendered":"Judicial Vacation May Disappear This Year"},"content":{"rendered":"<div data-elementor-type=\"wp-post\" data-elementor-id=\"3007\" class=\"elementor elementor-3007\" data-elementor-post-type=\"post\">\n\t\t\t\t<div class=\"elementor-element elementor-element-618c39f4 e-flex e-con-boxed e-con e-parent\" data-id=\"618c39f4\" data-element_type=\"container\">\n\t\t\t\t\t<div class=\"e-con-inner\">\n\t\t\t\t<div class=\"elementor-element elementor-element-be103e3 elementor-widget elementor-widget-text-editor\" data-id=\"be103e3\" data-element_type=\"widget\" data-widget_type=\"text-editor.default\">\n\t\t\t\t<div class=\"elementor-widget-container\">\n\t\t\t\t\t\t\t\t\t<p>Number :92358809-152.03\/20648\/11287 22\/04\/2020<\/p><p>Subject :Judicial Holiday<\/p><p>TO THE PRESIDENCY OF THE UNION OF BAR ASSOCIATIONS OF TURKEY<\/p><p>Interest :Your letter dated 17\/04\/2020 and numbered F.8344.<\/p>\t\t\t\t\t\t\t\t<\/div>\n\t\t\t\t<\/div>\n\t\t\t\t\t<\/div>\n\t\t\t\t<\/div>\n\t\t<div class=\"elementor-element elementor-element-2721082 e-flex e-con-boxed e-con e-parent\" data-id=\"2721082\" data-element_type=\"container\">\n\t\t\t\t\t<div class=\"e-con-inner\">\n\t\t\t\t<div class=\"elementor-element elementor-element-c57dd9f elementor-widget elementor-widget-image\" data-id=\"c57dd9f\" data-element_type=\"widget\" data-widget_type=\"image.default\">\n\t\t\t\t<div class=\"elementor-widget-container\">\n\t\t\t\t\t\t\t\t\t\t\t\t\t\t\t<img fetchpriority=\"high\" decoding=\"async\" width=\"1024\" height=\"576\" src=\"https:\/\/www.atilimhukuk.com\/wp-content\/uploads\/2025\/02\/Adli-tatil-1024x576.webp\" class=\"attachment-large size-large wp-image-3011\" alt=\"\" srcset=\"https:\/\/www.atilimhukuk.com\/wp-content\/uploads\/2025\/02\/Adli-tatil-1024x576.webp 1024w, https:\/\/www.atilimhukuk.com\/wp-content\/uploads\/2025\/02\/Adli-tatil-600x337.webp 600w, https:\/\/www.atilimhukuk.com\/wp-content\/uploads\/2025\/02\/Adli-tatil-300x169.webp 300w, https:\/\/www.atilimhukuk.com\/wp-content\/uploads\/2025\/02\/Adli-tatil-768x432.webp 768w, https:\/\/www.atilimhukuk.com\/wp-content\/uploads\/2025\/02\/Adli-tatil.webp 1200w\" sizes=\"(max-width: 1024px) 100vw, 1024px\" \/>\t\t\t\t\t\t\t\t\t\t\t\t\t\t\t<\/div>\n\t\t\t\t<\/div>\n\t\t\t\t\t<\/div>\n\t\t\t\t<\/div>\n\t\t<div class=\"elementor-element elementor-element-5b6f4bb e-flex e-con-boxed e-con e-parent\" data-id=\"5b6f4bb\" data-element_type=\"container\">\n\t\t\t\t\t<div class=\"e-con-inner\">\n\t\t\t\t<div class=\"elementor-element elementor-element-447e4a8 elementor-widget elementor-widget-text-editor\" data-id=\"447e4a8\" data-element_type=\"widget\" data-widget_type=\"text-editor.default\">\n\t\t\t\t<div class=\"elementor-widget-container\">\n\t\t\t\t\t\t\t\t\t<p>Due to the outbreak of the COVID-19 virus outbreak, execution works and transactions have stopped, other works in the courthouses have been reduced to the lowest level, when the aforementioned measures, which are mandatory to be taken, are removed, an enormous workload will occur in courthouses and execution offices, the intensity that will decrease on working days will be too much, for these reasons, for this year only, Your letter of interest and the subject matter have been examined, which includes the request for suggestions and opinions on the issue of not taking a judicial holiday between July 20, 2020 and September 1, 2020 by making a temporary legal arrangement, if the judicial holiday is deemed mandatory, the period should be limited to fifteen days and the date range should coincide with the school holiday when determining the date range.<\/p><p>Article 102 of the Code of Civil Procedure dated 12\/01\/2021 and numbered 6100, titled \u201cJudicial vacation period\u201d, states that \u201cThe judicial vacation starts on July twenty each year and ends on August thirty-one. The new judicial year starts on September 1\u201d, and the following Article 103 stipulates the cases and works to be heard during the judicial vacation.<\/p><p>In the distributed letter of the Board of Judges and Prosecutors on Additional Measures within the Scope of COVID-19, with the decision of the General Assembly of the Board of Judges and Prosecutors dated 30\/03\/2020 and numbered 2020\/51, many measures have been ruled in terms of judicial activities, as well as arrested (only in terms of evaluation of detention due to legal obligation) and urgent works, the first instance judicial and administrative judicial authorities and regional courts of justice and regional administrative courts have decided to postpone hearings, deliberations and discoveries until 30\/04\/2020 (including this date), except for investigation and prosecution files, requests for stay of execution and other urgent works and procedures.<\/p><p>For the reasons explained, it is considered that it would be more appropriate to continue the judicial holiday period and practice of 2020 in accordance with the current conditions, considering that only the cases and works specified in the relevant provision of the Law No. 6100 will be heard during the judicial holiday as the new hearing dates are generally left to September 2020 and later within the scope of the measures taken due to the ongoing epidemic in our country, and that the number of judges who can hear the hearings will be insufficient due to the fact that judges and public prosecutors will use their annual leave in September and later if the judicial holiday is abolished or its duration is changed.<br \/>I kindly request information.<\/p>\t\t\t\t\t\t\t\t<\/div>\n\t\t\t\t<\/div>\n\t\t\t\t\t<\/div>\n\t\t\t\t<\/div>\n\t\t\t\t<\/div>","protected":false},"excerpt":{"rendered":"Number :92358809-152.03\/20648\/11287 22\/04\/2020 Subject :Judicial Holiday PRESIDENT OF THE BAR ASSOCIATION OF TURKEY Interest :Your letter dated 17\/04\/2020 and numbered F.8344. Due to the outbreak of the COVID-19 virus outbreak, execution works and transactions have stopped, other works in the courthouses have been reduced to the lowest level, when the measures that must be taken are removed, an enormous workload will occur in courthouses and execution offices, and workdays will decrease.","protected":false},"author":1,"featured_media":3012,"comment_status":"closed","ping_status":"open","sticky":false,"template":"","format":"standard","meta":{"_monsterinsights_skip_tracking":false,"_monsterinsights_sitenote_active":false,"_monsterinsights_sitenote_note":"","_monsterinsights_sitenote_category":0,"footnotes":""},"categories":[1],"tags":[],"class_list":["post-3007","post","type-post","status-publish","format-standard","has-post-thumbnail","hentry","category-uncategorized"],"aioseo_notices":[],"yoast_head":"<!-- This site is optimized with the Yoast SEO plugin v24.4 - https:\/\/yoast.com\/wordpress\/plugins\/seo\/ -->\n<title>Adli Tatil Bu Y\u0131l Ortadan Kalkabilir - At\u0131l\u0131m Hukuk<\/title>\n<meta name=\"description\" content=\"At\u0131l\u0131m Hukuk B\u00fcrosu olarak, adli tatilin kald\u0131r\u0131lma ihtimali ve bunun yarg\u0131 s\u00fcre\u00e7lerine olas\u0131 etkilerini de\u011ferlendiriyoruz.\" \/>\n<meta name=\"robots\" content=\"index, follow, max-snippet:-1, max-image-preview:large, max-video-preview:-1\" \/>\n<link rel=\"canonical\" href=\"https:\/\/www.atilimhukuk.com\/en\/adli-tatil-bu-yil-ortadan-kalkabilir\/\" \/>\n<meta property=\"og:locale\" content=\"en_US\" \/>\n<meta property=\"og:type\" content=\"article\" \/>\n<meta property=\"og:title\" content=\"Adli Tatil Bu Y\u0131l Ortadan Kalkabilir - At\u0131l\u0131m Hukuk\" \/>\n<meta property=\"og:description\" content=\"At\u0131l\u0131m Hukuk B\u00fcrosu olarak, adli tatilin kald\u0131r\u0131lma ihtimali ve bunun yarg\u0131 s\u00fcre\u00e7lerine olas\u0131 etkilerini de\u011ferlendiriyoruz.\" \/>\n<meta property=\"og:url\" content=\"https:\/\/www.atilimhukuk.com\/en\/adli-tatil-bu-yil-ortadan-kalkabilir\/\" \/>\n<meta property=\"og:site_name\" content=\"At\u0131l\u0131m Hukuk\" \/>\n<meta property=\"article:published_time\" content=\"2025-02-06T11:49:11+00:00\" \/>\n<meta property=\"article:modified_time\" content=\"2025-02-12T10:29:29+00:00\" \/>\n<meta property=\"og:image\" content=\"https:\/\/www.atilimhukuk.com\/\/wp-content\/uploads\/2025\/02\/blog3.png\" \/>\n\t<meta property=\"og:image:width\" content=\"736\" \/>\n\t<meta property=\"og:image:height\" content=\"492\" \/>\n\t<meta property=\"og:image:type\" content=\"image\/png\" \/>\n<meta name=\"author\" content=\"atilim\" \/>\n<meta name=\"twitter:card\" content=\"summary_large_image\" \/>\n<meta name=\"twitter:creator\" content=\"@atilimhukukoff\" \/>\n<meta name=\"twitter:site\" content=\"@atilimhukukoff\" \/>\n<meta name=\"twitter:label1\" content=\"Written by\" \/>\n\t<meta name=\"twitter:data1\" content=\"atilim\" \/>\n\t<meta name=\"twitter:label2\" content=\"Est. reading time\" \/>\n\t<meta name=\"twitter:data2\" content=\"3 minutes\" \/>\n<script type=\"application\/ld+json\" class=\"yoast-schema-graph\">{\"@context\":\"https:\/\/schema.org\",\"@graph\":[{\"@type\":\"Article\",\"@id\":\"https:\/\/www.atilimhukuk.com\/\/adli-tatil-bu-yil-ortadan-kalkabilir\/#article\",\"isPartOf\":{\"@id\":\"https:\/\/www.atilimhukuk.com\/\/adli-tatil-bu-yil-ortadan-kalkabilir\/\"},\"author\":{\"name\":\"atilim\",\"@id\":\"https:\/\/www.atilimhukuk.com\/#\/schema\/person\/71934d13da3e5098ab42281300b8adca\"},\"headline\":\"Adli Tatil Bu Y\u0131l Ortadan Kalkabilir\",\"datePublished\":\"2025-02-06T11:49:11+00:00\",\"dateModified\":\"2025-02-12T10:29:29+00:00\",\"mainEntityOfPage\":{\"@id\":\"https:\/\/www.atilimhukuk.com\/\/adli-tatil-bu-yil-ortadan-kalkabilir\/\"},\"wordCount\":488,\"publisher\":{\"@id\":\"https:\/\/www.atilimhukuk.com\/#organization\"},\"image\":{\"@id\":\"https:\/\/www.atilimhukuk.com\/\/adli-tatil-bu-yil-ortadan-kalkabilir\/#primaryimage\"},\"thumbnailUrl\":\"https:\/\/www.atilimhukuk.com\/wp-content\/uploads\/2025\/02\/blog3.png\",\"inLanguage\":\"en-US\"},{\"@type\":\"WebPage\",\"@id\":\"https:\/\/www.atilimhukuk.com\/\/adli-tatil-bu-yil-ortadan-kalkabilir\/\",\"url\":\"https:\/\/www.atilimhukuk.com\/\/adli-tatil-bu-yil-ortadan-kalkabilir\/\",\"name\":\"Adli Tatil Bu Y\u0131l Ortadan Kalkabilir - At\u0131l\u0131m Hukuk\",\"isPartOf\":{\"@id\":\"https:\/\/www.atilimhukuk.com\/#website\"},\"primaryImageOfPage\":{\"@id\":\"https:\/\/www.atilimhukuk.com\/\/adli-tatil-bu-yil-ortadan-kalkabilir\/#primaryimage\"},\"image\":{\"@id\":\"https:\/\/www.atilimhukuk.com\/\/adli-tatil-bu-yil-ortadan-kalkabilir\/#primaryimage\"},\"thumbnailUrl\":\"https:\/\/www.atilimhukuk.com\/wp-content\/uploads\/2025\/02\/blog3.png\",\"datePublished\":\"2025-02-06T11:49:11+00:00\",\"dateModified\":\"2025-02-12T10:29:29+00:00\",\"description\":\"At\u0131l\u0131m Hukuk B\u00fcrosu olarak, adli tatilin kald\u0131r\u0131lma ihtimali ve bunun yarg\u0131 s\u00fcre\u00e7lerine olas\u0131 etkilerini de\u011ferlendiriyoruz.\",\"breadcrumb\":{\"@id\":\"https:\/\/www.atilimhukuk.com\/\/adli-tatil-bu-yil-ortadan-kalkabilir\/#breadcrumb\"},\"inLanguage\":\"en-US\",\"potentialAction\":[{\"@type\":\"ReadAction\",\"target\":[\"https:\/\/www.atilimhukuk.com\/\/adli-tatil-bu-yil-ortadan-kalkabilir\/\"]}]},{\"@type\":\"ImageObject\",\"inLanguage\":\"en-US\",\"@id\":\"https:\/\/www.atilimhukuk.com\/\/adli-tatil-bu-yil-ortadan-kalkabilir\/#primaryimage\",\"url\":\"https:\/\/www.atilimhukuk.com\/wp-content\/uploads\/2025\/02\/blog3.png\",\"contentUrl\":\"https:\/\/www.atilimhukuk.com\/wp-content\/uploads\/2025\/02\/blog3.png\",\"width\":736,\"height\":492},{\"@type\":\"BreadcrumbList\",\"@id\":\"https:\/\/www.atilimhukuk.com\/\/adli-tatil-bu-yil-ortadan-kalkabilir\/#breadcrumb\",\"itemListElement\":[{\"@type\":\"ListItem\",\"position\":1,\"name\":\"Anasayfa\",\"item\":\"https:\/\/www.atilimhukuk.com\/\"},{\"@type\":\"ListItem\",\"position\":2,\"name\":\"Adli Tatil Bu Y\u0131l Ortadan Kalkabilir\"}]},{\"@type\":\"WebSite\",\"@id\":\"https:\/\/www.atilimhukuk.com\/#website\",\"url\":\"https:\/\/www.atilimhukuk.com\/\",\"name\":\"At\u0131l\u0131m Hukuk\",\"description\":\"At\u0131l\u0131m Hukuk B&uuml;rosu\",\"publisher\":{\"@id\":\"https:\/\/www.atilimhukuk.com\/#organization\"},\"potentialAction\":[{\"@type\":\"SearchAction\",\"target\":{\"@type\":\"EntryPoint\",\"urlTemplate\":\"https:\/\/www.atilimhukuk.com\/?s={search_term_string}\"},\"query-input\":{\"@type\":\"PropertyValueSpecification\",\"valueRequired\":true,\"valueName\":\"search_term_string\"}}],\"inLanguage\":\"en-US\"},{\"@type\":\"Organization\",\"@id\":\"https:\/\/www.atilimhukuk.com\/#organization\",\"name\":\"At\u0131l\u0131m Hukuk\",\"url\":\"https:\/\/www.atilimhukuk.com\/\",\"logo\":{\"@type\":\"ImageObject\",\"inLanguage\":\"en-US\",\"@id\":\"https:\/\/www.atilimhukuk.com\/#\/schema\/logo\/image\/\",\"url\":\"https:\/\/www.atilimhukuk.com\/wp-content\/uploads\/2025\/03\/cropped-atilim-hukuk-logo-yeni-2-1.png\",\"contentUrl\":\"https:\/\/www.atilimhukuk.com\/wp-content\/uploads\/2025\/03\/cropped-atilim-hukuk-logo-yeni-2-1.png\",\"width\":1055,\"height\":1057,\"caption\":\"At\u0131l\u0131m Hukuk\"},\"image\":{\"@id\":\"https:\/\/www.atilimhukuk.com\/#\/schema\/logo\/image\/\"},\"sameAs\":[\"https:\/\/x.com\/atilimhukukoff\"]},{\"@type\":\"Person\",\"@id\":\"https:\/\/www.atilimhukuk.com\/#\/schema\/person\/71934d13da3e5098ab42281300b8adca\",\"name\":\"atilim\",\"image\":{\"@type\":\"ImageObject\",\"inLanguage\":\"en-US\",\"@id\":\"https:\/\/www.atilimhukuk.com\/#\/schema\/person\/image\/\",\"url\":\"https:\/\/secure.gravatar.com\/avatar\/ac53afa00653fe18d8a6dc4b95488976?s=96&d=mm&r=g\",\"contentUrl\":\"https:\/\/secure.gravatar.com\/avatar\/ac53afa00653fe18d8a6dc4b95488976?s=96&d=mm&r=g\",\"caption\":\"atilim\"},\"sameAs\":[\"https:\/\/www.atilimhukuk.com\/\"],\"url\":\"https:\/\/www.atilimhukuk.com\/en\/author\/atilim\/\"}]}<\/script>\n<!-- \/ Yoast SEO plugin. -->","yoast_head_json":{"title":"Adli Tatil Bu Y\u0131l Ortadan Kalkabilir - At\u0131l\u0131m Hukuk","description":"At\u0131l\u0131m Hukuk B\u00fcrosu olarak, adli tatilin kald\u0131r\u0131lma ihtimali ve bunun yarg\u0131 s\u00fcre\u00e7lerine olas\u0131 etkilerini de\u011ferlendiriyoruz.","robots":{"index":"index","follow":"follow","max-snippet":"max-snippet:-1","max-image-preview":"max-image-preview:large","max-video-preview":"max-video-preview:-1"},"canonical":"https:\/\/www.atilimhukuk.com\/en\/adli-tatil-bu-yil-ortadan-kalkabilir\/","og_locale":"en_US","og_type":"article","og_title":"Adli Tatil Bu Y\u0131l Ortadan Kalkabilir - At\u0131l\u0131m Hukuk","og_description":"At\u0131l\u0131m Hukuk B\u00fcrosu olarak, adli tatilin kald\u0131r\u0131lma ihtimali ve bunun yarg\u0131 s\u00fcre\u00e7lerine olas\u0131 etkilerini de\u011ferlendiriyoruz.","og_url":"https:\/\/www.atilimhukuk.com\/en\/adli-tatil-bu-yil-ortadan-kalkabilir\/","og_site_name":"At\u0131l\u0131m Hukuk","article_published_time":"2025-02-06T11:49:11+00:00","article_modified_time":"2025-02-12T10:29:29+00:00","og_image":[{"width":736,"height":492,"url":"https:\/\/www.atilimhukuk.com\/\/wp-content\/uploads\/2025\/02\/blog3.png","type":"image\/png"}],"author":"atilim","twitter_card":"summary_large_image","twitter_creator":"@atilimhukukoff","twitter_site":"@atilimhukukoff","twitter_misc":{"Written by":"atilim","Est. reading time":"3 minutes"},"schema":{"@context":"https:\/\/schema.org","@graph":[{"@type":"Article","@id":"https:\/\/www.atilimhukuk.com\/\/adli-tatil-bu-yil-ortadan-kalkabilir\/#article","isPartOf":{"@id":"https:\/\/www.atilimhukuk.com\/\/adli-tatil-bu-yil-ortadan-kalkabilir\/"},"author":{"name":"atilim","@id":"https:\/\/www.atilimhukuk.com\/#\/schema\/person\/71934d13da3e5098ab42281300b8adca"},"headline":"Adli Tatil Bu Y\u0131l Ortadan Kalkabilir","datePublished":"2025-02-06T11:49:11+00:00","dateModified":"2025-02-12T10:29:29+00:00","mainEntityOfPage":{"@id":"https:\/\/www.atilimhukuk.com\/\/adli-tatil-bu-yil-ortadan-kalkabilir\/"},"wordCount":488,"publisher":{"@id":"https:\/\/www.atilimhukuk.com\/#organization"},"image":{"@id":"https:\/\/www.atilimhukuk.com\/\/adli-tatil-bu-yil-ortadan-kalkabilir\/#primaryimage"},"thumbnailUrl":"https:\/\/www.atilimhukuk.com\/wp-content\/uploads\/2025\/02\/blog3.png","inLanguage":"en-US"},{"@type":"WebPage","@id":"https:\/\/www.atilimhukuk.com\/\/adli-tatil-bu-yil-ortadan-kalkabilir\/","url":"https:\/\/www.atilimhukuk.com\/\/adli-tatil-bu-yil-ortadan-kalkabilir\/","name":"Adli Tatil Bu Y\u0131l Ortadan Kalkabilir - At\u0131l\u0131m Hukuk","isPartOf":{"@id":"https:\/\/www.atilimhukuk.com\/#website"},"primaryImageOfPage":{"@id":"https:\/\/www.atilimhukuk.com\/\/adli-tatil-bu-yil-ortadan-kalkabilir\/#primaryimage"},"image":{"@id":"https:\/\/www.atilimhukuk.com\/\/adli-tatil-bu-yil-ortadan-kalkabilir\/#primaryimage"},"thumbnailUrl":"https:\/\/www.atilimhukuk.com\/wp-content\/uploads\/2025\/02\/blog3.png","datePublished":"2025-02-06T11:49:11+00:00","dateModified":"2025-02-12T10:29:29+00:00","description":"At\u0131l\u0131m Hukuk B\u00fcrosu olarak, adli tatilin kald\u0131r\u0131lma ihtimali ve bunun yarg\u0131 s\u00fcre\u00e7lerine olas\u0131 etkilerini de\u011ferlendiriyoruz.","breadcrumb":{"@id":"https:\/\/www.atilimhukuk.com\/\/adli-tatil-bu-yil-ortadan-kalkabilir\/#breadcrumb"},"inLanguage":"en-US","potentialAction":[{"@type":"ReadAction","target":["https:\/\/www.atilimhukuk.com\/\/adli-tatil-bu-yil-ortadan-kalkabilir\/"]}]},{"@type":"ImageObject","inLanguage":"en-US","@id":"https:\/\/www.atilimhukuk.com\/\/adli-tatil-bu-yil-ortadan-kalkabilir\/#primaryimage","url":"https:\/\/www.atilimhukuk.com\/wp-content\/uploads\/2025\/02\/blog3.png","contentUrl":"https:\/\/www.atilimhukuk.com\/wp-content\/uploads\/2025\/02\/blog3.png","width":736,"height":492},{"@type":"BreadcrumbList","@id":"https:\/\/www.atilimhukuk.com\/\/adli-tatil-bu-yil-ortadan-kalkabilir\/#breadcrumb","itemListElement":[{"@type":"ListItem","position":1,"name":"Anasayfa","item":"https:\/\/www.atilimhukuk.com\/"},{"@type":"ListItem","position":2,"name":"Adli Tatil Bu Y\u0131l Ortadan Kalkabilir"}]},{"@type":"WebSite","@id":"https:\/\/www.atilimhukuk.com\/#website","url":"https:\/\/www.atilimhukuk.com\/","name":"At\u0131l\u0131m Hukuk","description":"At\u0131l\u0131m Hukuk B&uuml;rosu","publisher":{"@id":"https:\/\/www.atilimhukuk.com\/#organization"},"potentialAction":[{"@type":"SearchAction","target":{"@type":"EntryPoint","urlTemplate":"https:\/\/www.atilimhukuk.com\/?s={search_term_string}"},"query-input":{"@type":"PropertyValueSpecification","valueRequired":true,"valueName":"search_term_string"}}],"inLanguage":"en-US"},{"@type":"Organization","@id":"https:\/\/www.atilimhukuk.com\/#organization","name":"At\u0131l\u0131m Hukuk","url":"https:\/\/www.atilimhukuk.com\/","logo":{"@type":"ImageObject","inLanguage":"en-US","@id":"https:\/\/www.atilimhukuk.com\/#\/schema\/logo\/image\/","url":"https:\/\/www.atilimhukuk.com\/wp-content\/uploads\/2025\/03\/cropped-atilim-hukuk-logo-yeni-2-1.png","contentUrl":"https:\/\/www.atilimhukuk.com\/wp-content\/uploads\/2025\/03\/cropped-atilim-hukuk-logo-yeni-2-1.png","width":1055,"height":1057,"caption":"At\u0131l\u0131m Hukuk"},"image":{"@id":"https:\/\/www.atilimhukuk.com\/#\/schema\/logo\/image\/"},"sameAs":["https:\/\/x.com\/atilimhukukoff"]},{"@type":"Person","@id":"https:\/\/www.atilimhukuk.com\/#\/schema\/person\/71934d13da3e5098ab42281300b8adca","name":"atilim","image":{"@type":"ImageObject","inLanguage":"en-US","@id":"https:\/\/www.atilimhukuk.com\/#\/schema\/person\/image\/","url":"https:\/\/secure.gravatar.com\/avatar\/ac53afa00653fe18d8a6dc4b95488976?s=96&d=mm&r=g","contentUrl":"https:\/\/secure.gravatar.com\/avatar\/ac53afa00653fe18d8a6dc4b95488976?s=96&d=mm&r=g","caption":"atilim"},"sameAs":["https:\/\/www.atilimhukuk.com\/"],"url":"https:\/\/www.atilimhukuk.com\/en\/author\/atilim\/"}]}},"_links":{"self":[{"href":"https:\/\/www.atilimhukuk.com\/en\/wp-json\/wp\/v2\/posts\/3007"}],"collection":[{"href":"https:\/\/www.atilimhukuk.com\/en\/wp-json\/wp\/v2\/posts"}],"about":[{"href":"https:\/\/www.atilimhukuk.com\/en\/wp-json\/wp\/v2\/types\/post"}],"author":[{"embeddable":true,"href":"https:\/\/www.atilimhukuk.com\/en\/wp-json\/wp\/v2\/users\/1"}],"replies":[{"embeddable":true,"href":"https:\/\/www.atilimhukuk.com\/en\/wp-json\/wp\/v2\/comments?post=3007"}],"version-history":[{"count":11,"href":"https:\/\/www.atilimhukuk.com\/en\/wp-json\/wp\/v2\/posts\/3007\/revisions"}],"predecessor-version":[{"id":3707,"href":"https:\/\/www.atilimhukuk.com\/en\/wp-json\/wp\/v2\/posts\/3007\/revisions\/3707"}],"wp:featuredmedia":[{"embeddable":true,"href":"https:\/\/www.atilimhukuk.com\/en\/wp-json\/wp\/v2\/media\/3012"}],"wp:attachment":[{"href":"https:\/\/www.atilimhukuk.com\/en\/wp-json\/wp\/v2\/media?parent=3007"}],"wp:term":[{"taxonomy":"category","embeddable":true,"href":"https:\/\/www.atilimhukuk.com\/en\/wp-json\/wp\/v2\/categories?post=3007"},{"taxonomy":"post_tag","embeddable":true,"href":"https:\/\/www.atilimhukuk.com\/en\/wp-json\/wp\/v2\/tags?post=3007"}],"curies":[{"name":"wp","href":"https:\/\/api.w.org\/{rel}","templated":true}]}}