{"id":3001,"date":"2025-02-06T11:38:54","date_gmt":"2025-02-06T11:38:54","guid":{"rendered":"https:\/\/www.atilimhukuk.com\/\/?p=3001"},"modified":"2025-02-12T10:28:58","modified_gmt":"2025-02-12T10:28:58","slug":"sigortami-dogru-yatir-diyen-calisanina-tazminat-odenecek","status":"publish","type":"post","link":"https:\/\/www.atilimhukuk.com\/en\/sigortami-dogru-yatir-diyen-calisanina-tazminat-odenecek\/","title":{"rendered":"'Pay my insurance correctly! Compensation to be Paid to the Employee Who Says"},"content":{"rendered":"<div data-elementor-type=\"wp-post\" data-elementor-id=\"3001\" class=\"elementor elementor-3001\" data-elementor-post-type=\"post\">\n\t\t\t\t<div class=\"elementor-element elementor-element-618c39f4 e-flex e-con-boxed e-con e-parent\" data-id=\"618c39f4\" data-element_type=\"container\">\n\t\t\t\t\t<div class=\"e-con-inner\">\n\t\t\t\t<div class=\"elementor-element elementor-element-be103e3 elementor-widget elementor-widget-text-editor\" data-id=\"be103e3\" data-element_type=\"widget\" data-widget_type=\"text-editor.default\">\n\t\t\t\t<div class=\"elementor-widget-container\">\n\t\t\t\t\t\t\t\t\t<p>A striking decision came from the Supreme Court of Appeals on the issue of not paying the SSI premium in full, which is one of the most troubling issues for private sector employees. The Supreme Court ruled that the worker who was fired for telling his boss 'Show my insurance premium from my salary' should be compensated. The worker, who told the owner of the company he worked for that his insurance premium should be paid from his salary, was shaken by the boss's reply 'I fired you, don't touch anything, get out of here'.<\/p><p>The employee, who was fired without compensation, went to the Labor Court. The plaintiff, who stated that he had worked as an Assistant Auditor and fulfilled all the duties assigned to him without any objection, claimed that he was unemployed for seeking his rights. The employee stated that he was unable to collect the wages he was owed despite sending a notice for his receivables through a notary public. The defendant boss, who made a defense in court, stated that he unilaterally terminated the plaintiff's employment contract. The court decided to partially accept the lawsuit. When the plaintiff appealed the decision, the 9th Civil Chamber of the Court of Cassation intervened. The Court of Cassation ruled that the worker be paid compensation.<\/p>\t\t\t\t\t\t\t\t<\/div>\n\t\t\t\t<\/div>\n\t\t\t\t\t<\/div>\n\t\t\t\t<\/div>\n\t\t\t\t<\/div>","protected":false},"excerpt":{"rendered":"A striking decision came from the Supreme Court of Appeals on the issue of not paying the SSI premium in full, which is one of the most troublesome issues for private sector employees.The Supreme Court ruled that the worker who was fired for telling his boss 'Show my insurance premium from my salary' should be compensated. The worker who told the owner of the company he worked for that his insurance premium should be paid from his salary, the boss said 'I fired you, don't touch anything, get out of here'.","protected":false},"author":1,"featured_media":3003,"comment_status":"closed","ping_status":"open","sticky":false,"template":"","format":"standard","meta":{"_monsterinsights_skip_tracking":false,"_monsterinsights_sitenote_active":false,"_monsterinsights_sitenote_note":"","_monsterinsights_sitenote_category":0,"footnotes":""},"categories":[1],"tags":[],"class_list":["post-3001","post","type-post","status-publish","format-standard","has-post-thumbnail","hentry","category-uncategorized"],"aioseo_notices":[],"yoast_head":"<!-- This site is optimized with the Yoast SEO plugin v24.4 - https:\/\/yoast.com\/wordpress\/plugins\/seo\/ -->\n<title>&#039;Sigortam\u0131 Do\u011fru Yat\u0131r! Diyen \u00c7al\u0131\u015fan\u0131na Tazminat \u00d6denecek - At\u0131l\u0131m Hukuk<\/title>\n<meta name=\"description\" content=\"At\u0131l\u0131m Hukuk B\u00fcrosu olarak, sigorta priminin eksik yat\u0131r\u0131lmas\u0131n\u0131 dile getiren \u00e7al\u0131\u015fanlar\u0131n tazminat haklar\u0131n\u0131 ve hukuki s\u00fcreci inceliyoruz.\" \/>\n<meta name=\"robots\" content=\"index, follow, max-snippet:-1, max-image-preview:large, max-video-preview:-1\" \/>\n<link rel=\"canonical\" href=\"https:\/\/www.atilimhukuk.com\/en\/sigortami-dogru-yatir-diyen-calisanina-tazminat-odenecek\/\" \/>\n<meta property=\"og:locale\" content=\"en_US\" \/>\n<meta property=\"og:type\" content=\"article\" \/>\n<meta property=\"og:title\" content=\"&#039;Sigortam\u0131 Do\u011fru Yat\u0131r! Diyen \u00c7al\u0131\u015fan\u0131na Tazminat \u00d6denecek - At\u0131l\u0131m Hukuk\" \/>\n<meta property=\"og:description\" content=\"At\u0131l\u0131m Hukuk B\u00fcrosu olarak, sigorta priminin eksik yat\u0131r\u0131lmas\u0131n\u0131 dile getiren \u00e7al\u0131\u015fanlar\u0131n tazminat haklar\u0131n\u0131 ve hukuki s\u00fcreci inceliyoruz.\" \/>\n<meta property=\"og:url\" content=\"https:\/\/www.atilimhukuk.com\/en\/sigortami-dogru-yatir-diyen-calisanina-tazminat-odenecek\/\" \/>\n<meta property=\"og:site_name\" content=\"At\u0131l\u0131m Hukuk\" \/>\n<meta property=\"article:published_time\" content=\"2025-02-06T11:38:54+00:00\" \/>\n<meta property=\"article:modified_time\" content=\"2025-02-12T10:28:58+00:00\" \/>\n<meta property=\"og:image\" content=\"https:\/\/www.atilimhukuk.com\/\/wp-content\/uploads\/2025\/02\/blog2.png\" \/>\n\t<meta property=\"og:image:width\" content=\"739\" \/>\n\t<meta property=\"og:image:height\" content=\"408\" \/>\n\t<meta property=\"og:image:type\" content=\"image\/png\" \/>\n<meta name=\"author\" content=\"atilim\" \/>\n<meta name=\"twitter:card\" content=\"summary_large_image\" \/>\n<meta name=\"twitter:creator\" content=\"@atilimhukukoff\" \/>\n<meta name=\"twitter:site\" content=\"@atilimhukukoff\" \/>\n<meta name=\"twitter:label1\" content=\"Written by\" \/>\n\t<meta name=\"twitter:data1\" content=\"atilim\" \/>\n\t<meta name=\"twitter:label2\" content=\"Est. reading time\" \/>\n\t<meta name=\"twitter:data2\" content=\"2 minutes\" \/>\n<script type=\"application\/ld+json\" class=\"yoast-schema-graph\">{\"@context\":\"https:\/\/schema.org\",\"@graph\":[{\"@type\":\"Article\",\"@id\":\"https:\/\/www.atilimhukuk.com\/\/sigortami-dogru-yatir-diyen-calisanina-tazminat-odenecek\/#article\",\"isPartOf\":{\"@id\":\"https:\/\/www.atilimhukuk.com\/\/sigortami-dogru-yatir-diyen-calisanina-tazminat-odenecek\/\"},\"author\":{\"name\":\"atilim\",\"@id\":\"https:\/\/www.atilimhukuk.com\/#\/schema\/person\/71934d13da3e5098ab42281300b8adca\"},\"headline\":\"&#8216;Sigortam\u0131 Do\u011fru Yat\u0131r! Diyen \u00c7al\u0131\u015fan\u0131na Tazminat \u00d6denecek\",\"datePublished\":\"2025-02-06T11:38:54+00:00\",\"dateModified\":\"2025-02-12T10:28:58+00:00\",\"mainEntityOfPage\":{\"@id\":\"https:\/\/www.atilimhukuk.com\/\/sigortami-dogru-yatir-diyen-calisanina-tazminat-odenecek\/\"},\"wordCount\":212,\"publisher\":{\"@id\":\"https:\/\/www.atilimhukuk.com\/#organization\"},\"image\":{\"@id\":\"https:\/\/www.atilimhukuk.com\/\/sigortami-dogru-yatir-diyen-calisanina-tazminat-odenecek\/#primaryimage\"},\"thumbnailUrl\":\"https:\/\/www.atilimhukuk.com\/wp-content\/uploads\/2025\/02\/blog2.png\",\"inLanguage\":\"en-US\"},{\"@type\":\"WebPage\",\"@id\":\"https:\/\/www.atilimhukuk.com\/\/sigortami-dogru-yatir-diyen-calisanina-tazminat-odenecek\/\",\"url\":\"https:\/\/www.atilimhukuk.com\/\/sigortami-dogru-yatir-diyen-calisanina-tazminat-odenecek\/\",\"name\":\"'Sigortam\u0131 Do\u011fru Yat\u0131r! Diyen \u00c7al\u0131\u015fan\u0131na Tazminat \u00d6denecek - At\u0131l\u0131m Hukuk\",\"isPartOf\":{\"@id\":\"https:\/\/www.atilimhukuk.com\/#website\"},\"primaryImageOfPage\":{\"@id\":\"https:\/\/www.atilimhukuk.com\/\/sigortami-dogru-yatir-diyen-calisanina-tazminat-odenecek\/#primaryimage\"},\"image\":{\"@id\":\"https:\/\/www.atilimhukuk.com\/\/sigortami-dogru-yatir-diyen-calisanina-tazminat-odenecek\/#primaryimage\"},\"thumbnailUrl\":\"https:\/\/www.atilimhukuk.com\/wp-content\/uploads\/2025\/02\/blog2.png\",\"datePublished\":\"2025-02-06T11:38:54+00:00\",\"dateModified\":\"2025-02-12T10:28:58+00:00\",\"description\":\"At\u0131l\u0131m Hukuk B\u00fcrosu olarak, sigorta priminin eksik yat\u0131r\u0131lmas\u0131n\u0131 dile getiren \u00e7al\u0131\u015fanlar\u0131n tazminat haklar\u0131n\u0131 ve hukuki s\u00fcreci inceliyoruz.\",\"breadcrumb\":{\"@id\":\"https:\/\/www.atilimhukuk.com\/\/sigortami-dogru-yatir-diyen-calisanina-tazminat-odenecek\/#breadcrumb\"},\"inLanguage\":\"en-US\",\"potentialAction\":[{\"@type\":\"ReadAction\",\"target\":[\"https:\/\/www.atilimhukuk.com\/\/sigortami-dogru-yatir-diyen-calisanina-tazminat-odenecek\/\"]}]},{\"@type\":\"ImageObject\",\"inLanguage\":\"en-US\",\"@id\":\"https:\/\/www.atilimhukuk.com\/\/sigortami-dogru-yatir-diyen-calisanina-tazminat-odenecek\/#primaryimage\",\"url\":\"https:\/\/www.atilimhukuk.com\/wp-content\/uploads\/2025\/02\/blog2.png\",\"contentUrl\":\"https:\/\/www.atilimhukuk.com\/wp-content\/uploads\/2025\/02\/blog2.png\",\"width\":739,\"height\":408},{\"@type\":\"BreadcrumbList\",\"@id\":\"https:\/\/www.atilimhukuk.com\/\/sigortami-dogru-yatir-diyen-calisanina-tazminat-odenecek\/#breadcrumb\",\"itemListElement\":[{\"@type\":\"ListItem\",\"position\":1,\"name\":\"Anasayfa\",\"item\":\"https:\/\/www.atilimhukuk.com\/\"},{\"@type\":\"ListItem\",\"position\":2,\"name\":\"&#8216;Sigortam\u0131 Do\u011fru Yat\u0131r! Diyen \u00c7al\u0131\u015fan\u0131na Tazminat \u00d6denecek\"}]},{\"@type\":\"WebSite\",\"@id\":\"https:\/\/www.atilimhukuk.com\/#website\",\"url\":\"https:\/\/www.atilimhukuk.com\/\",\"name\":\"At\u0131l\u0131m Hukuk\",\"description\":\"At\u0131l\u0131m Hukuk B&uuml;rosu\",\"publisher\":{\"@id\":\"https:\/\/www.atilimhukuk.com\/#organization\"},\"potentialAction\":[{\"@type\":\"SearchAction\",\"target\":{\"@type\":\"EntryPoint\",\"urlTemplate\":\"https:\/\/www.atilimhukuk.com\/?s={search_term_string}\"},\"query-input\":{\"@type\":\"PropertyValueSpecification\",\"valueRequired\":true,\"valueName\":\"search_term_string\"}}],\"inLanguage\":\"en-US\"},{\"@type\":\"Organization\",\"@id\":\"https:\/\/www.atilimhukuk.com\/#organization\",\"name\":\"At\u0131l\u0131m Hukuk\",\"url\":\"https:\/\/www.atilimhukuk.com\/\",\"logo\":{\"@type\":\"ImageObject\",\"inLanguage\":\"en-US\",\"@id\":\"https:\/\/www.atilimhukuk.com\/#\/schema\/logo\/image\/\",\"url\":\"https:\/\/www.atilimhukuk.com\/wp-content\/uploads\/2025\/03\/cropped-atilim-hukuk-logo-yeni-2-1.png\",\"contentUrl\":\"https:\/\/www.atilimhukuk.com\/wp-content\/uploads\/2025\/03\/cropped-atilim-hukuk-logo-yeni-2-1.png\",\"width\":1055,\"height\":1057,\"caption\":\"At\u0131l\u0131m Hukuk\"},\"image\":{\"@id\":\"https:\/\/www.atilimhukuk.com\/#\/schema\/logo\/image\/\"},\"sameAs\":[\"https:\/\/x.com\/atilimhukukoff\"]},{\"@type\":\"Person\",\"@id\":\"https:\/\/www.atilimhukuk.com\/#\/schema\/person\/71934d13da3e5098ab42281300b8adca\",\"name\":\"atilim\",\"image\":{\"@type\":\"ImageObject\",\"inLanguage\":\"en-US\",\"@id\":\"https:\/\/www.atilimhukuk.com\/#\/schema\/person\/image\/\",\"url\":\"https:\/\/secure.gravatar.com\/avatar\/ac53afa00653fe18d8a6dc4b95488976?s=96&d=mm&r=g\",\"contentUrl\":\"https:\/\/secure.gravatar.com\/avatar\/ac53afa00653fe18d8a6dc4b95488976?s=96&d=mm&r=g\",\"caption\":\"atilim\"},\"sameAs\":[\"https:\/\/www.atilimhukuk.com\/\"],\"url\":\"https:\/\/www.atilimhukuk.com\/en\/author\/atilim\/\"}]}<\/script>\n<!-- \/ Yoast SEO plugin. -->","yoast_head_json":{"title":"'Sigortam\u0131 Do\u011fru Yat\u0131r! Diyen \u00c7al\u0131\u015fan\u0131na Tazminat \u00d6denecek - At\u0131l\u0131m Hukuk","description":"At\u0131l\u0131m Hukuk B\u00fcrosu olarak, sigorta priminin eksik yat\u0131r\u0131lmas\u0131n\u0131 dile getiren \u00e7al\u0131\u015fanlar\u0131n tazminat haklar\u0131n\u0131 ve hukuki s\u00fcreci inceliyoruz.","robots":{"index":"index","follow":"follow","max-snippet":"max-snippet:-1","max-image-preview":"max-image-preview:large","max-video-preview":"max-video-preview:-1"},"canonical":"https:\/\/www.atilimhukuk.com\/en\/sigortami-dogru-yatir-diyen-calisanina-tazminat-odenecek\/","og_locale":"en_US","og_type":"article","og_title":"'Sigortam\u0131 Do\u011fru Yat\u0131r! Diyen \u00c7al\u0131\u015fan\u0131na Tazminat \u00d6denecek - At\u0131l\u0131m Hukuk","og_description":"At\u0131l\u0131m Hukuk B\u00fcrosu olarak, sigorta priminin eksik yat\u0131r\u0131lmas\u0131n\u0131 dile getiren \u00e7al\u0131\u015fanlar\u0131n tazminat haklar\u0131n\u0131 ve hukuki s\u00fcreci inceliyoruz.","og_url":"https:\/\/www.atilimhukuk.com\/en\/sigortami-dogru-yatir-diyen-calisanina-tazminat-odenecek\/","og_site_name":"At\u0131l\u0131m Hukuk","article_published_time":"2025-02-06T11:38:54+00:00","article_modified_time":"2025-02-12T10:28:58+00:00","og_image":[{"width":739,"height":408,"url":"https:\/\/www.atilimhukuk.com\/\/wp-content\/uploads\/2025\/02\/blog2.png","type":"image\/png"}],"author":"atilim","twitter_card":"summary_large_image","twitter_creator":"@atilimhukukoff","twitter_site":"@atilimhukukoff","twitter_misc":{"Written by":"atilim","Est. reading time":"2 minutes"},"schema":{"@context":"https:\/\/schema.org","@graph":[{"@type":"Article","@id":"https:\/\/www.atilimhukuk.com\/\/sigortami-dogru-yatir-diyen-calisanina-tazminat-odenecek\/#article","isPartOf":{"@id":"https:\/\/www.atilimhukuk.com\/\/sigortami-dogru-yatir-diyen-calisanina-tazminat-odenecek\/"},"author":{"name":"atilim","@id":"https:\/\/www.atilimhukuk.com\/#\/schema\/person\/71934d13da3e5098ab42281300b8adca"},"headline":"&#8216;Sigortam\u0131 Do\u011fru Yat\u0131r! Diyen \u00c7al\u0131\u015fan\u0131na Tazminat \u00d6denecek","datePublished":"2025-02-06T11:38:54+00:00","dateModified":"2025-02-12T10:28:58+00:00","mainEntityOfPage":{"@id":"https:\/\/www.atilimhukuk.com\/\/sigortami-dogru-yatir-diyen-calisanina-tazminat-odenecek\/"},"wordCount":212,"publisher":{"@id":"https:\/\/www.atilimhukuk.com\/#organization"},"image":{"@id":"https:\/\/www.atilimhukuk.com\/\/sigortami-dogru-yatir-diyen-calisanina-tazminat-odenecek\/#primaryimage"},"thumbnailUrl":"https:\/\/www.atilimhukuk.com\/wp-content\/uploads\/2025\/02\/blog2.png","inLanguage":"en-US"},{"@type":"WebPage","@id":"https:\/\/www.atilimhukuk.com\/\/sigortami-dogru-yatir-diyen-calisanina-tazminat-odenecek\/","url":"https:\/\/www.atilimhukuk.com\/\/sigortami-dogru-yatir-diyen-calisanina-tazminat-odenecek\/","name":"'Sigortam\u0131 Do\u011fru Yat\u0131r! Diyen \u00c7al\u0131\u015fan\u0131na Tazminat \u00d6denecek - At\u0131l\u0131m Hukuk","isPartOf":{"@id":"https:\/\/www.atilimhukuk.com\/#website"},"primaryImageOfPage":{"@id":"https:\/\/www.atilimhukuk.com\/\/sigortami-dogru-yatir-diyen-calisanina-tazminat-odenecek\/#primaryimage"},"image":{"@id":"https:\/\/www.atilimhukuk.com\/\/sigortami-dogru-yatir-diyen-calisanina-tazminat-odenecek\/#primaryimage"},"thumbnailUrl":"https:\/\/www.atilimhukuk.com\/wp-content\/uploads\/2025\/02\/blog2.png","datePublished":"2025-02-06T11:38:54+00:00","dateModified":"2025-02-12T10:28:58+00:00","description":"At\u0131l\u0131m Hukuk B\u00fcrosu olarak, sigorta priminin eksik yat\u0131r\u0131lmas\u0131n\u0131 dile getiren \u00e7al\u0131\u015fanlar\u0131n tazminat haklar\u0131n\u0131 ve hukuki s\u00fcreci inceliyoruz.","breadcrumb":{"@id":"https:\/\/www.atilimhukuk.com\/\/sigortami-dogru-yatir-diyen-calisanina-tazminat-odenecek\/#breadcrumb"},"inLanguage":"en-US","potentialAction":[{"@type":"ReadAction","target":["https:\/\/www.atilimhukuk.com\/\/sigortami-dogru-yatir-diyen-calisanina-tazminat-odenecek\/"]}]},{"@type":"ImageObject","inLanguage":"en-US","@id":"https:\/\/www.atilimhukuk.com\/\/sigortami-dogru-yatir-diyen-calisanina-tazminat-odenecek\/#primaryimage","url":"https:\/\/www.atilimhukuk.com\/wp-content\/uploads\/2025\/02\/blog2.png","contentUrl":"https:\/\/www.atilimhukuk.com\/wp-content\/uploads\/2025\/02\/blog2.png","width":739,"height":408},{"@type":"BreadcrumbList","@id":"https:\/\/www.atilimhukuk.com\/\/sigortami-dogru-yatir-diyen-calisanina-tazminat-odenecek\/#breadcrumb","itemListElement":[{"@type":"ListItem","position":1,"name":"Anasayfa","item":"https:\/\/www.atilimhukuk.com\/"},{"@type":"ListItem","position":2,"name":"&#8216;Sigortam\u0131 Do\u011fru Yat\u0131r! Diyen \u00c7al\u0131\u015fan\u0131na Tazminat \u00d6denecek"}]},{"@type":"WebSite","@id":"https:\/\/www.atilimhukuk.com\/#website","url":"https:\/\/www.atilimhukuk.com\/","name":"At\u0131l\u0131m Hukuk","description":"At\u0131l\u0131m Hukuk B&uuml;rosu","publisher":{"@id":"https:\/\/www.atilimhukuk.com\/#organization"},"potentialAction":[{"@type":"SearchAction","target":{"@type":"EntryPoint","urlTemplate":"https:\/\/www.atilimhukuk.com\/?s={search_term_string}"},"query-input":{"@type":"PropertyValueSpecification","valueRequired":true,"valueName":"search_term_string"}}],"inLanguage":"en-US"},{"@type":"Organization","@id":"https:\/\/www.atilimhukuk.com\/#organization","name":"At\u0131l\u0131m Hukuk","url":"https:\/\/www.atilimhukuk.com\/","logo":{"@type":"ImageObject","inLanguage":"en-US","@id":"https:\/\/www.atilimhukuk.com\/#\/schema\/logo\/image\/","url":"https:\/\/www.atilimhukuk.com\/wp-content\/uploads\/2025\/03\/cropped-atilim-hukuk-logo-yeni-2-1.png","contentUrl":"https:\/\/www.atilimhukuk.com\/wp-content\/uploads\/2025\/03\/cropped-atilim-hukuk-logo-yeni-2-1.png","width":1055,"height":1057,"caption":"At\u0131l\u0131m Hukuk"},"image":{"@id":"https:\/\/www.atilimhukuk.com\/#\/schema\/logo\/image\/"},"sameAs":["https:\/\/x.com\/atilimhukukoff"]},{"@type":"Person","@id":"https:\/\/www.atilimhukuk.com\/#\/schema\/person\/71934d13da3e5098ab42281300b8adca","name":"atilim","image":{"@type":"ImageObject","inLanguage":"en-US","@id":"https:\/\/www.atilimhukuk.com\/#\/schema\/person\/image\/","url":"https:\/\/secure.gravatar.com\/avatar\/ac53afa00653fe18d8a6dc4b95488976?s=96&d=mm&r=g","contentUrl":"https:\/\/secure.gravatar.com\/avatar\/ac53afa00653fe18d8a6dc4b95488976?s=96&d=mm&r=g","caption":"atilim"},"sameAs":["https:\/\/www.atilimhukuk.com\/"],"url":"https:\/\/www.atilimhukuk.com\/en\/author\/atilim\/"}]}},"_links":{"self":[{"href":"https:\/\/www.atilimhukuk.com\/en\/wp-json\/wp\/v2\/posts\/3001"}],"collection":[{"href":"https:\/\/www.atilimhukuk.com\/en\/wp-json\/wp\/v2\/posts"}],"about":[{"href":"https:\/\/www.atilimhukuk.com\/en\/wp-json\/wp\/v2\/types\/post"}],"author":[{"embeddable":true,"href":"https:\/\/www.atilimhukuk.com\/en\/wp-json\/wp\/v2\/users\/1"}],"replies":[{"embeddable":true,"href":"https:\/\/www.atilimhukuk.com\/en\/wp-json\/wp\/v2\/comments?post=3001"}],"version-history":[{"count":5,"href":"https:\/\/www.atilimhukuk.com\/en\/wp-json\/wp\/v2\/posts\/3001\/revisions"}],"predecessor-version":[{"id":3706,"href":"https:\/\/www.atilimhukuk.com\/en\/wp-json\/wp\/v2\/posts\/3001\/revisions\/3706"}],"wp:featuredmedia":[{"embeddable":true,"href":"https:\/\/www.atilimhukuk.com\/en\/wp-json\/wp\/v2\/media\/3003"}],"wp:attachment":[{"href":"https:\/\/www.atilimhukuk.com\/en\/wp-json\/wp\/v2\/media?parent=3001"}],"wp:term":[{"taxonomy":"category","embeddable":true,"href":"https:\/\/www.atilimhukuk.com\/en\/wp-json\/wp\/v2\/categories?post=3001"},{"taxonomy":"post_tag","embeddable":true,"href":"https:\/\/www.atilimhukuk.com\/en\/wp-json\/wp\/v2\/tags?post=3001"}],"curies":[{"name":"wp","href":"https:\/\/api.w.org\/{rel}","templated":true}]}}